{"id":31071,"date":"2023-11-09T16:59:19","date_gmt":"2023-11-09T15:59:19","guid":{"rendered":"https:\/\/test.institutpsicologia.cat\/sin-categorizar\/grups-gestio-emocional"},"modified":"2024-01-08T18:46:43","modified_gmt":"2024-01-08T17:46:43","slug":"grupos-gestion-emocional","status":"publish","type":"post","link":"https:\/\/test.institutpsicologia.cat\/es\/grupos-gestion-emocional\/","title":{"rendered":"Grupos de Gesti\u00f3n Emocional"},"content":{"rendered":"\n<p>Estos grupos est\u00e1n dirigidos a ni\u00f1os y adolescentes con problemas para controlar la ira, tolerar la frustraci\u00f3n, saber c\u00f3mo enfrentar situaciones dif\u00edciles o aceptar los errores. Frente a estas situaciones, pueden reaccionar con agresividad, sufrimiento o desesperanza.<\/p>\n\n\n\n<p>El autocontrol emocional es la capacidad que nos permite controlar y gestionar de manera adecuada las emociones. Las emociones forman parte de nuestro d\u00eda a d\u00eda e influyen en la manera de pensar, las decisiones, los recuerdos, la comunicaci\u00f3n con los dem\u00e1s y la forma de comportarnos y planificar el futuro.<\/p>\n\n\n\n<p>Es fundamental que nuestros hijos e hijas adquieran habilidades para afrontar con \u00e9xito las dificultades y frustraciones que pueden encontrar en la vida cotidiana. La capacidad para reconocer, expresar, regular, entender y manejar las emociones propias y ajenas ayuda a adaptarse a las situaciones y es una parte importante de la inteligencia emocional.<\/p>\n\n\n\n<p>Por lo tanto, favorecer la capacidad para sentir las emociones de manera adecuada y regularlas de acuerdo con las circunstancias contribuye al bienestar social, favorece el aprendizaje y las relaciones sociales.<\/p>\n","protected":false},"excerpt":{"rendered":"<p>Estos grupos est\u00e1n dirigidos a ni\u00f1os y adolescentes con problemas para controlar la ira, tolerar la frustraci\u00f3n, saber c\u00f3mo enfrentar situaciones dif\u00edciles o aceptar los errores. &#8230; <a title=\"Grupos de Gesti\u00f3n Emocional\" class=\"read-more\" href=\"https:\/\/test.institutpsicologia.cat\/es\/grupos-gestion-emocional\/\" aria-label=\"Leer m\u00e1s sobre Grupos de Gesti\u00f3n Emocional\">Leer m\u00e1s<\/a><\/p>\n","protected":false},"author":1,"featured_media":30016,"comment_status":"closed","ping_status":"closed","sticky":false,"template":"","format":"standard","meta":{"_acf_changed":false,"_themeisle_gutenberg_block_has_review":false,"footnotes":""},"categories":[170],"tags":[177],"class_list":["post-31071","post","type-post","status-publish","format-standard","has-post-thumbnail","hentry","category-grupos","tag-grupos-de-gestion-emocional","generate-columns","tablet-grid-50","mobile-grid-100","grid-parent","grid-33","resize-featured-image"],"acf":[],"_links":{"self":[{"href":"https:\/\/test.institutpsicologia.cat\/es\/wp-json\/wp\/v2\/posts\/31071","targetHints":{"allow":["GET"]}}],"collection":[{"href":"https:\/\/test.institutpsicologia.cat\/es\/wp-json\/wp\/v2\/posts"}],"about":[{"href":"https:\/\/test.institutpsicologia.cat\/es\/wp-json\/wp\/v2\/types\/post"}],"author":[{"embeddable":true,"href":"https:\/\/test.institutpsicologia.cat\/es\/wp-json\/wp\/v2\/users\/1"}],"replies":[{"embeddable":true,"href":"https:\/\/test.institutpsicologia.cat\/es\/wp-json\/wp\/v2\/comments?post=31071"}],"version-history":[{"count":1,"href":"https:\/\/test.institutpsicologia.cat\/es\/wp-json\/wp\/v2\/posts\/31071\/revisions"}],"predecessor-version":[{"id":31072,"href":"https:\/\/test.institutpsicologia.cat\/es\/wp-json\/wp\/v2\/posts\/31071\/revisions\/31072"}],"wp:featuredmedia":[{"embeddable":true,"href":"https:\/\/test.institutpsicologia.cat\/es\/wp-json\/wp\/v2\/media\/30016"}],"wp:attachment":[{"href":"https:\/\/test.institutpsicologia.cat\/es\/wp-json\/wp\/v2\/media?parent=31071"}],"wp:term":[{"taxonomy":"category","embeddable":true,"href":"https:\/\/test.institutpsicologia.cat\/es\/wp-json\/wp\/v2\/categories?post=31071"},{"taxonomy":"post_tag","embeddable":true,"href":"https:\/\/test.institutpsicologia.cat\/es\/wp-json\/wp\/v2\/tags?post=31071"}],"curies":[{"name":"wp","href":"https:\/\/api.w.org\/{rel}","templated":true}]}}